{"id":4761,"date":"2024-07-04T16:54:27","date_gmt":"2024-07-04T14:54:27","guid":{"rendered":"https:\/\/cwep.eu\/?p=4761"},"modified":"2024-07-10T11:32:18","modified_gmt":"2024-07-10T09:32:18","slug":"mindfulness-for-integration","status":"publish","type":"post","link":"https:\/\/cwep.eu\/en\/mindfulness-for-integration\/","title":{"rendered":"Mindfulness for Integration"},"content":{"rendered":"<p><\/p>\n<style>\n    .posted-on{display:none}<br \/><\/style>\n<div class=\"number\"><span class=\"time\"><strong>Implementation period: 01.09.2023 &#8211; 31.08.2025<br \/>\n<\/strong><\/span><\/div>\n<div class=\"number\"><strong>Project number:\u00a0<\/strong>2023-1-HU01-KA220-ADU-000160977<\/div>\n<p><strong>Assistance program:<\/strong> Erasmus+<\/p>\n<p><strong>Project description<\/strong><\/p>\n<div class=\"aims\">The main objective of the Mindfulness for Integration project is to provide the Cultural and Creative Sector professionals as well as the experts of social support to care for the wellbeing of migrants and refugees through arts and culture.<\/div>\n<p>Thus we intend to:<\/p>\n<ul>\n<li>Ensure the specific mental health needs of refugees are understood to 50 support service workers in civil society organisations and local authorities<\/li>\n<li>Strengthen and support the mental wellbeing of 210 refugees through the work of the local CCS<\/li>\n<li>Increase civic engagements and active participation in society amongst refugees, asylum seekers and vulnerable migrants<\/li>\n<li>Upskill 70 CCS professionals to create creative wellbeing supportive learning material<\/li>\n<li>Promote social inclusion and diversity through art and creativity to 12 local authorities\u2019 settlement and integration support services<\/li>\n<\/ul>\n<p><u>Mindfulness for Integration project results<\/u><\/p>\n<ul>\n<li>Best Practice Handbook in the use of creative activities to support migrant mental health and social integration<\/li>\n<li>Professional Development Sessions for CCS Professionals<\/li>\n<li>M4I Blended Learning Course, aimed at refugees, asylum seekers and vulnerable migrants, to teach them to use the M4I initiative to support their mental health through creative learning and innovative exercises<\/li>\n<li>M4I Facilitator e-Course, an innovative, interactive digital training course aimed at upskilling integration support and support service workers, key workers and civic society organisations<\/li>\n<li>Mindfulness for Integration Awareness &amp; Understanding Campaign<\/li>\n<\/ul>\n<p><u>Mindfulness for Integration partners<\/u><\/p>\n<p>ARTEMISSZI\u00d3 ALAP\u00cdTV\u00c1NY \u2013 Hungary (Project coordinator)<\/p>\n<p>KAINOTOMIA &amp; SIA EE \u2013 Greece<\/p>\n<p>INSTITUT F\u00dcR ROMA UND MINDERHEITEN EV \u2013 Germany<\/p>\n<p>CUIABLUE O\u00dc \u2013 Estonia<\/p>\n<p>NORDIC DIASPORA FORUM \u2013 Sweden<\/p>\n<p><strong>CWEP \u2013 Poland (it is us)<\/strong><\/p>\n<p><strong>VISIT THE PROJECT WEBSITE: <\/strong><\/p>\n<p><a href=\"https:\/\/mindfulness.erasmus.site\/\">https:\/\/mindfulness.erasmus.site\/<\/a><\/p>\n<p><strong>FOLLOW THE PROJECT ON SOCIAL MEDIA: <\/strong><\/p>\n<p><a href=\"https:\/\/www.facebook.com\/MindfulnessForIntegration\/\">https:\/\/www.facebook.com\/MindfulnessForIntegration\/<\/a><\/p>\n<p><hr class=\"!my-8\">\r\n            <div class=\"mx-auto text-center pb-8 px-4\">\r\n                <div class=\"mb-4\">\r\n                    <img decoding=\"async\" class=\"mx-auto w-56 h-auto\"\r\n                         src=\"https:\/\/cwep.eu\/wp-content\/uploads\/2024\/02\/EN-Co-Funded-by-the-EU_POS-e1653898628680.png\"\r\n                         alt=\"EU Logo\" \/>\r\n                <\/div>\r\n\r\n                <p class=\"text-sm text-gray-700 leading-relaxed\">\r\n                    Funded by the European Union. Views and opinions expressed are however those of the author(s) only\r\n                    and do not necessarily reflect those of the European Union or the European Education and Culture\r\n                    Executive Agency (EACEA). Neither the European Union nor EACEA can be held responsible for them.\r\n                <\/p>\r\n            <\/div><\/p>","protected":false},"excerpt":{"rendered":"<p>Implementation period: 01.09.2023 &#8211; 31.08.2025 Project number:\u00a02023-1-HU01-KA220-ADU-000160977 Assistance program: Erasmus+ Project description The main objective of the Mindfulness for Integration project is to provide the Cultural and Creative Sector professionals as well as the experts of social support to care for the wellbeing of migrants and refugees through arts and culture. Thus we intend to: [&hellip;]<\/p>\n","protected":false},"author":7,"featured_media":4762,"comment_status":"closed","ping_status":"closed","sticky":false,"template":"","format":"standard","meta":{"footnotes":""},"categories":[6],"tags":[39],"class_list":["post-4761","post","type-post","status-publish","format-standard","has-post-thumbnail","hentry","category-current-projects","tag-eu"],"yoast_head":"<!-- This site is optimized with the Yoast SEO plugin v27.4 - https:\/\/yoast.com\/product\/yoast-seo-wordpress\/ -->\n<title>Mindfulness for Integration - CWEP<\/title>\n<meta name=\"robots\" content=\"index, follow, max-snippet:-1, max-image-preview:large, max-video-preview:-1\" \/>\n<link rel=\"canonical\" href=\"https:\/\/cwep.eu\/en\/mindfulness-for-integration\/\" \/>\n<meta property=\"og:locale\" content=\"en_US\" \/>\n<meta property=\"og:type\" content=\"article\" \/>\n<meta property=\"og:title\" content=\"Mindfulness for Integration - CWEP\" \/>\n<meta property=\"og:description\" content=\"Implementation period: 01.09.2023 &#8211; 31.08.2025 Project number:\u00a02023-1-HU01-KA220-ADU-000160977 Assistance program: Erasmus+ Project description The main objective of the Mindfulness for Integration project is to provide the Cultural and Creative Sector professionals as well as the experts of social support to care for the wellbeing of migrants and refugees through arts and culture. Thus we intend to: [&hellip;]\" \/>\n<meta property=\"og:url\" content=\"https:\/\/cwep.eu\/en\/mindfulness-for-integration\/\" \/>\n<meta property=\"og:site_name\" content=\"CWEP\" \/>\n<meta property=\"article:publisher\" content=\"https:\/\/www.facebook.com\/CWEP.EU\" \/>\n<meta property=\"article:published_time\" content=\"2024-07-04T14:54:27+00:00\" \/>\n<meta property=\"article:modified_time\" content=\"2024-07-10T09:32:18+00:00\" \/>\n<meta property=\"og:image\" content=\"https:\/\/cwep.eu\/wp-content\/uploads\/2024\/07\/Mindfulness-for-Integration_logo-scaled.jpg\" \/>\n\t<meta property=\"og:image:width\" content=\"2560\" \/>\n\t<meta property=\"og:image:height\" content=\"1024\" \/>\n\t<meta property=\"og:image:type\" content=\"image\/jpeg\" \/>\n<meta name=\"author\" content=\"pnowak\" \/>\n<meta name=\"twitter:card\" content=\"summary_large_image\" \/>\n<meta name=\"twitter:creator\" content=\"@cwepeu\" \/>\n<meta name=\"twitter:site\" content=\"@cwepeu\" \/>\n<meta name=\"twitter:label1\" content=\"Written by\" \/>\n\t<meta name=\"twitter:data1\" content=\"pnowak\" \/>\n\t<meta name=\"twitter:label2\" content=\"Est. reading time\" \/>\n\t<meta name=\"twitter:data2\" content=\"2 minutes\" \/>\n<script type=\"application\/ld+json\" class=\"yoast-schema-graph\">{\"@context\":\"https:\\\/\\\/schema.org\",\"@graph\":[{\"@type\":\"Article\",\"@id\":\"https:\\\/\\\/cwep.eu\\\/mindfulness-for-integration\\\/#article\",\"isPartOf\":{\"@id\":\"https:\\\/\\\/cwep.eu\\\/mindfulness-for-integration\\\/\"},\"author\":{\"name\":\"pnowak\",\"@id\":\"https:\\\/\\\/cwep.eu\\\/#\\\/schema\\\/person\\\/f22a52ecda9ca066eae8d4cf6a95aae3\"},\"headline\":\"Mindfulness for Integration\",\"datePublished\":\"2024-07-04T14:54:27+00:00\",\"dateModified\":\"2024-07-10T09:32:18+00:00\",\"mainEntityOfPage\":{\"@id\":\"https:\\\/\\\/cwep.eu\\\/mindfulness-for-integration\\\/\"},\"wordCount\":658,\"publisher\":{\"@id\":\"https:\\\/\\\/cwep.eu\\\/#organization\"},\"image\":{\"@id\":\"https:\\\/\\\/cwep.eu\\\/mindfulness-for-integration\\\/#primaryimage\"},\"thumbnailUrl\":\"https:\\\/\\\/cwep.eu\\\/wp-content\\\/uploads\\\/2024\\\/07\\\/Mindfulness-for-Integration_logo-scaled.jpg\",\"keywords\":[\"EU\"],\"articleSection\":[\"Current projects\"],\"inLanguage\":\"en-US\"},{\"@type\":\"WebPage\",\"@id\":\"https:\\\/\\\/cwep.eu\\\/en\\\/mindfulness-for-integration\\\/\",\"url\":\"https:\\\/\\\/cwep.eu\\\/en\\\/mindfulness-for-integration\\\/\",\"name\":\"Mindfulness for Integration - CWEP\",\"isPartOf\":{\"@id\":\"https:\\\/\\\/cwep.eu\\\/en\\\/#website\"},\"primaryImageOfPage\":{\"@id\":\"https:\\\/\\\/cwep.eu\\\/en\\\/mindfulness-for-integration\\\/#primaryimage\"},\"image\":{\"@id\":\"https:\\\/\\\/cwep.eu\\\/mindfulness-for-integration\\\/#primaryimage\"},\"thumbnailUrl\":\"https:\\\/\\\/cwep.eu\\\/wp-content\\\/uploads\\\/2024\\\/07\\\/Mindfulness-for-Integration_logo-scaled.jpg\",\"datePublished\":\"2024-07-04T14:54:27+00:00\",\"dateModified\":\"2024-07-10T09:32:18+00:00\",\"breadcrumb\":{\"@id\":\"https:\\\/\\\/cwep.eu\\\/en\\\/mindfulness-for-integration\\\/#breadcrumb\"},\"inLanguage\":\"en-US\",\"potentialAction\":[{\"@type\":\"ReadAction\",\"target\":[[\"https:\\\/\\\/cwep.eu\\\/en\\\/mindfulness-for-integration\\\/\"]]}]},{\"@type\":\"ImageObject\",\"inLanguage\":\"en-US\",\"@id\":\"https:\\\/\\\/cwep.eu\\\/en\\\/mindfulness-for-integration\\\/#primaryimage\",\"url\":\"https:\\\/\\\/cwep.eu\\\/wp-content\\\/uploads\\\/2024\\\/07\\\/Mindfulness-for-Integration_logo-scaled.jpg\",\"contentUrl\":\"https:\\\/\\\/cwep.eu\\\/wp-content\\\/uploads\\\/2024\\\/07\\\/Mindfulness-for-Integration_logo-scaled.jpg\",\"width\":2560,\"height\":1024},{\"@type\":\"BreadcrumbList\",\"@id\":\"https:\\\/\\\/cwep.eu\\\/en\\\/mindfulness-for-integration\\\/#breadcrumb\",\"itemListElement\":[{\"@type\":\"ListItem\",\"position\":1,\"name\":\"Home\",\"item\":\"https:\\\/\\\/cwep.eu\\\/en\\\/\"},{\"@type\":\"ListItem\",\"position\":2,\"name\":\"Mindfulness for Integration\"}]},{\"@type\":\"WebSite\",\"@id\":\"https:\\\/\\\/cwep.eu\\\/en\\\/#website\",\"url\":\"https:\\\/\\\/cwep.eu\\\/en\\\/\",\"name\":\"CWEP\",\"description\":\"Centrum Wspierania Edukacji i Przedsi\u0119biorczo\u015bci\",\"publisher\":{\"@id\":\"https:\\\/\\\/cwep.eu\\\/en\\\/#organization\"},\"potentialAction\":[{\"@type\":\"SearchAction\",\"target\":{\"@type\":\"EntryPoint\",\"urlTemplate\":\"https:\\\/\\\/cwep.eu\\\/en\\\/?s={search_term_string}\"},\"query-input\":{\"@type\":\"PropertyValueSpecification\",\"valueRequired\":true,\"valueName\":\"search_term_string\"}}],\"inLanguage\":\"en-US\"},{\"@type\":\"Organization\",\"@id\":\"https:\\\/\\\/cwep.eu\\\/en\\\/#organization\",\"name\":\"CWEP\",\"url\":\"https:\\\/\\\/cwep.eu\\\/en\\\/\",\"logo\":{\"@type\":\"ImageObject\",\"inLanguage\":\"en-US\",\"@id\":\"https:\\\/\\\/cwep.eu\\\/en\\\/#\\\/schema\\\/logo\\\/image\\\/\",\"url\":\"https:\\\/\\\/cwep.eu\\\/wp-content\\\/uploads\\\/2016\\\/06\\\/cropped-logo-large.png\",\"contentUrl\":\"https:\\\/\\\/cwep.eu\\\/wp-content\\\/uploads\\\/2016\\\/06\\\/cropped-logo-large.png\",\"width\":512,\"height\":512,\"caption\":\"CWEP\"},\"image\":{\"@id\":\"https:\\\/\\\/cwep.eu\\\/en\\\/#\\\/schema\\\/logo\\\/image\\\/\"},\"sameAs\":[\"https:\\\/\\\/www.facebook.com\\\/CWEP.EU\",\"https:\\\/\\\/x.com\\\/cwepeu\",\"https:\\\/\\\/www.instagram.com\\\/cwep_association\",\"https:\\\/\\\/www.linkedin.com\\\/company\\\/cwep\\\/\"]},{\"@type\":\"Person\",\"@id\":\"https:\\\/\\\/cwep.eu\\\/#\\\/schema\\\/person\\\/f22a52ecda9ca066eae8d4cf6a95aae3\",\"name\":\"pnowak\",\"image\":{\"@type\":\"ImageObject\",\"inLanguage\":\"en-US\",\"@id\":\"https:\\\/\\\/secure.gravatar.com\\\/avatar\\\/076772c12e93fdd45e8c73cef60795e6ad4fd0496713a05fa168e1abd2235bd6?s=96&d=mm&r=g\",\"url\":\"https:\\\/\\\/secure.gravatar.com\\\/avatar\\\/076772c12e93fdd45e8c73cef60795e6ad4fd0496713a05fa168e1abd2235bd6?s=96&d=mm&r=g\",\"contentUrl\":\"https:\\\/\\\/secure.gravatar.com\\\/avatar\\\/076772c12e93fdd45e8c73cef60795e6ad4fd0496713a05fa168e1abd2235bd6?s=96&d=mm&r=g\",\"caption\":\"pnowak\"},\"url\":\"https:\\\/\\\/cwep.eu\\\/en\\\/author\\\/pnowak\\\/\"}]}<\/script>\n<!-- \/ Yoast SEO plugin. -->","yoast_head_json":{"title":"Mindfulness for Integration - CWEP","robots":{"index":"index","follow":"follow","max-snippet":"max-snippet:-1","max-image-preview":"max-image-preview:large","max-video-preview":"max-video-preview:-1"},"canonical":"https:\/\/cwep.eu\/en\/mindfulness-for-integration\/","og_locale":"en_US","og_type":"article","og_title":"Mindfulness for Integration - CWEP","og_description":"Implementation period: 01.09.2023 &#8211; 31.08.2025 Project number:\u00a02023-1-HU01-KA220-ADU-000160977 Assistance program: Erasmus+ Project description The main objective of the Mindfulness for Integration project is to provide the Cultural and Creative Sector professionals as well as the experts of social support to care for the wellbeing of migrants and refugees through arts and culture. Thus we intend to: [&hellip;]","og_url":"https:\/\/cwep.eu\/en\/mindfulness-for-integration\/","og_site_name":"CWEP","article_publisher":"https:\/\/www.facebook.com\/CWEP.EU","article_published_time":"2024-07-04T14:54:27+00:00","article_modified_time":"2024-07-10T09:32:18+00:00","og_image":[{"width":2560,"height":1024,"url":"https:\/\/cwep.eu\/wp-content\/uploads\/2024\/07\/Mindfulness-for-Integration_logo-scaled.jpg","type":"image\/jpeg"}],"author":"pnowak","twitter_card":"summary_large_image","twitter_creator":"@cwepeu","twitter_site":"@cwepeu","twitter_misc":{"Written by":"pnowak","Est. reading time":"2 minutes"},"schema":{"@context":"https:\/\/schema.org","@graph":[{"@type":"Article","@id":"https:\/\/cwep.eu\/mindfulness-for-integration\/#article","isPartOf":{"@id":"https:\/\/cwep.eu\/mindfulness-for-integration\/"},"author":{"name":"pnowak","@id":"https:\/\/cwep.eu\/#\/schema\/person\/f22a52ecda9ca066eae8d4cf6a95aae3"},"headline":"Mindfulness for Integration","datePublished":"2024-07-04T14:54:27+00:00","dateModified":"2024-07-10T09:32:18+00:00","mainEntityOfPage":{"@id":"https:\/\/cwep.eu\/mindfulness-for-integration\/"},"wordCount":658,"publisher":{"@id":"https:\/\/cwep.eu\/#organization"},"image":{"@id":"https:\/\/cwep.eu\/mindfulness-for-integration\/#primaryimage"},"thumbnailUrl":"https:\/\/cwep.eu\/wp-content\/uploads\/2024\/07\/Mindfulness-for-Integration_logo-scaled.jpg","keywords":["EU"],"articleSection":["Current projects"],"inLanguage":"en-US"},{"@type":"WebPage","@id":"https:\/\/cwep.eu\/en\/mindfulness-for-integration\/","url":"https:\/\/cwep.eu\/en\/mindfulness-for-integration\/","name":"Mindfulness for Integration - CWEP","isPartOf":{"@id":"https:\/\/cwep.eu\/en\/#website"},"primaryImageOfPage":{"@id":"https:\/\/cwep.eu\/en\/mindfulness-for-integration\/#primaryimage"},"image":{"@id":"https:\/\/cwep.eu\/mindfulness-for-integration\/#primaryimage"},"thumbnailUrl":"https:\/\/cwep.eu\/wp-content\/uploads\/2024\/07\/Mindfulness-for-Integration_logo-scaled.jpg","datePublished":"2024-07-04T14:54:27+00:00","dateModified":"2024-07-10T09:32:18+00:00","breadcrumb":{"@id":"https:\/\/cwep.eu\/en\/mindfulness-for-integration\/#breadcrumb"},"inLanguage":"en-US","potentialAction":[{"@type":"ReadAction","target":[["https:\/\/cwep.eu\/en\/mindfulness-for-integration\/"]]}]},{"@type":"ImageObject","inLanguage":"en-US","@id":"https:\/\/cwep.eu\/en\/mindfulness-for-integration\/#primaryimage","url":"https:\/\/cwep.eu\/wp-content\/uploads\/2024\/07\/Mindfulness-for-Integration_logo-scaled.jpg","contentUrl":"https:\/\/cwep.eu\/wp-content\/uploads\/2024\/07\/Mindfulness-for-Integration_logo-scaled.jpg","width":2560,"height":1024},{"@type":"BreadcrumbList","@id":"https:\/\/cwep.eu\/en\/mindfulness-for-integration\/#breadcrumb","itemListElement":[{"@type":"ListItem","position":1,"name":"Home","item":"https:\/\/cwep.eu\/en\/"},{"@type":"ListItem","position":2,"name":"Mindfulness for Integration"}]},{"@type":"WebSite","@id":"https:\/\/cwep.eu\/en\/#website","url":"https:\/\/cwep.eu\/en\/","name":"CWEP","description":"Centrum Wspierania Edukacji i Przedsi\u0119biorczo\u015bci","publisher":{"@id":"https:\/\/cwep.eu\/en\/#organization"},"potentialAction":[{"@type":"SearchAction","target":{"@type":"EntryPoint","urlTemplate":"https:\/\/cwep.eu\/en\/?s={search_term_string}"},"query-input":{"@type":"PropertyValueSpecification","valueRequired":true,"valueName":"search_term_string"}}],"inLanguage":"en-US"},{"@type":"Organization","@id":"https:\/\/cwep.eu\/en\/#organization","name":"CWEP","url":"https:\/\/cwep.eu\/en\/","logo":{"@type":"ImageObject","inLanguage":"en-US","@id":"https:\/\/cwep.eu\/en\/#\/schema\/logo\/image\/","url":"https:\/\/cwep.eu\/wp-content\/uploads\/2016\/06\/cropped-logo-large.png","contentUrl":"https:\/\/cwep.eu\/wp-content\/uploads\/2016\/06\/cropped-logo-large.png","width":512,"height":512,"caption":"CWEP"},"image":{"@id":"https:\/\/cwep.eu\/en\/#\/schema\/logo\/image\/"},"sameAs":["https:\/\/www.facebook.com\/CWEP.EU","https:\/\/x.com\/cwepeu","https:\/\/www.instagram.com\/cwep_association","https:\/\/www.linkedin.com\/company\/cwep\/"]},{"@type":"Person","@id":"https:\/\/cwep.eu\/#\/schema\/person\/f22a52ecda9ca066eae8d4cf6a95aae3","name":"pnowak","image":{"@type":"ImageObject","inLanguage":"en-US","@id":"https:\/\/secure.gravatar.com\/avatar\/076772c12e93fdd45e8c73cef60795e6ad4fd0496713a05fa168e1abd2235bd6?s=96&d=mm&r=g","url":"https:\/\/secure.gravatar.com\/avatar\/076772c12e93fdd45e8c73cef60795e6ad4fd0496713a05fa168e1abd2235bd6?s=96&d=mm&r=g","contentUrl":"https:\/\/secure.gravatar.com\/avatar\/076772c12e93fdd45e8c73cef60795e6ad4fd0496713a05fa168e1abd2235bd6?s=96&d=mm&r=g","caption":"pnowak"},"url":"https:\/\/cwep.eu\/en\/author\/pnowak\/"}]}},"_links":{"self":[{"href":"https:\/\/cwep.eu\/en\/wp-json\/wp\/v2\/posts\/4761","targetHints":{"allow":["GET"]}}],"collection":[{"href":"https:\/\/cwep.eu\/en\/wp-json\/wp\/v2\/posts"}],"about":[{"href":"https:\/\/cwep.eu\/en\/wp-json\/wp\/v2\/types\/post"}],"author":[{"embeddable":true,"href":"https:\/\/cwep.eu\/en\/wp-json\/wp\/v2\/users\/7"}],"replies":[{"embeddable":true,"href":"https:\/\/cwep.eu\/en\/wp-json\/wp\/v2\/comments?post=4761"}],"version-history":[{"count":2,"href":"https:\/\/cwep.eu\/en\/wp-json\/wp\/v2\/posts\/4761\/revisions"}],"predecessor-version":[{"id":4765,"href":"https:\/\/cwep.eu\/en\/wp-json\/wp\/v2\/posts\/4761\/revisions\/4765"}],"wp:featuredmedia":[{"embeddable":true,"href":"https:\/\/cwep.eu\/en\/wp-json\/wp\/v2\/media\/4762"}],"wp:attachment":[{"href":"https:\/\/cwep.eu\/en\/wp-json\/wp\/v2\/media?parent=4761"}],"wp:term":[{"taxonomy":"category","embeddable":true,"href":"https:\/\/cwep.eu\/en\/wp-json\/wp\/v2\/categories?post=4761"},{"taxonomy":"post_tag","embeddable":true,"href":"https:\/\/cwep.eu\/en\/wp-json\/wp\/v2\/tags?post=4761"}],"curies":[{"name":"wp","href":"https:\/\/api.w.org\/{rel}","templated":true}]}}