{"id":4486,"date":"2023-02-17T14:11:18","date_gmt":"2023-02-17T13:11:18","guid":{"rendered":"https:\/\/cwep.eu\/?p=4486"},"modified":"2023-04-14T14:30:03","modified_gmt":"2023-04-14T12:30:03","slug":"otwarty-nabor-na-szkolenie-z-zakresu-przedsiebiorczosci-zwiazanej-z-sektorem-rzemieslniczym","status":"publish","type":"post","link":"https:\/\/cwep.eu\/en\/otwarty-nabor-na-szkolenie-z-zakresu-przedsiebiorczosci-zwiazanej-z-sektorem-rzemieslniczym\/","title":{"rendered":"Open call for training in craft entrepreneurship!"},"content":{"rendered":"<p>You are invited to participate in a training in Bulgaria (Blagoevgrad) 3-5 May 2023.<!--more--><\/p>\n<p>Apply for your participation by 10 March this year.<\/p>\n<p>As part of the MicroHUB project, we will organize a training for crafters and microbusiness owners, with the aim to develop the entrepreneurial and digital skills of crafters and artisans from rural areas. The training will take place on 3-5 of May 2023, in Blagoevgrad, Bulgaria, and participants will travel on the 2nd and 6th of May 2023. The costs of the training will be covered by your host organization, which will also be your main contact point.<\/p>\n<p>FOR WHO?<\/p>\n<p>If you are a crafter who wants to start your own craft business or you are a craft entrepreneur of creativity microbusiness owner from rural area and want to update your already existing enterprise, then you should consider applying for this call.<\/p>\n<p>WHAT WILL YOU LEARN?<\/p>\n<p>During the training, you will be presented real-life situations and you will be invited to perform the practices learned. In addition, you will learn how to build the digital profile of your enterprise and you will practice social media and digital marketing techniques, that will help you promote your products to the customers. Last, you will face real financial situations of microbusinesses and you will be trained to perform appropriate techniques in each situation.<\/p>\n<p>Specifically, during the training you will be presented the following thematics:<\/p>\n<p>&#8211;\u00a0\u00a0\u00a0\u00a0\u00a0\u00a0\u00a0\u00a0\u00a0\u00a0\u00a0\u00a0\u00a0 How to spot business opportunities.<\/p>\n<p>&#8211;\u00a0\u00a0\u00a0\u00a0\u00a0\u00a0\u00a0\u00a0\u00a0\u00a0\u00a0\u00a0\u00a0 How to conduct a SWOT and market analysis.<\/p>\n<p>&#8211;\u00a0\u00a0\u00a0\u00a0\u00a0\u00a0\u00a0\u00a0\u00a0\u00a0\u00a0\u00a0\u00a0 How to plan and organise a business within the wider value chain.<\/p>\n<p>&#8211;\u00a0\u00a0\u00a0\u00a0\u00a0\u00a0\u00a0\u00a0\u00a0\u00a0\u00a0\u00a0\u00a0 How to create and update a business plan.<\/p>\n<p>&#8211;\u00a0\u00a0\u00a0\u00a0\u00a0\u00a0\u00a0\u00a0\u00a0\u00a0\u00a0\u00a0\u00a0 How to manage and monitor your microbusiness.<\/p>\n<p>&#8211;\u00a0\u00a0\u00a0\u00a0\u00a0\u00a0\u00a0\u00a0\u00a0\u00a0\u00a0\u00a0\u00a0 Financial management of a craft microbusiness.<\/p>\n<p>&#8211;\u00a0\u00a0\u00a0\u00a0\u00a0\u00a0\u00a0\u00a0\u00a0\u00a0\u00a0\u00a0\u00a0 How to identify funding opportunities.<\/p>\n<p>&#8211;\u00a0\u00a0\u00a0\u00a0\u00a0\u00a0\u00a0\u00a0\u00a0\u00a0\u00a0\u00a0\u00a0 Networking with the use of digital tools.<\/p>\n<p>&#8211;\u00a0\u00a0\u00a0\u00a0\u00a0\u00a0\u00a0\u00a0\u00a0\u00a0\u00a0\u00a0\u00a0 E-commerce and social media platforms, as well as online content creation.<\/p>\n<p>&#8211;\u00a0\u00a0\u00a0\u00a0\u00a0\u00a0\u00a0\u00a0\u00a0\u00a0\u00a0\u00a0\u00a0 Ecological and ethical business practices.<\/p>\n<p>&#8211;\u00a0\u00a0\u00a0\u00a0\u00a0\u00a0\u00a0\u00a0\u00a0\u00a0\u00a0\u00a0\u00a0 How to create brand assets.<\/p>\n<p>&#8211;\u00a0\u00a0\u00a0\u00a0\u00a0\u00a0\u00a0\u00a0\u00a0\u00a0\u00a0\u00a0\u00a0 How to develop implement a social media strategy.<\/p>\n<p>&nbsp;<\/p>\n<p>REQUIREMENTS FOR PARTICIPATION<\/p>\n<p>If this training is of your interest, then you can find below what are the requirements for participation:<\/p>\n<p>&#8211; Direct involvement in the training and support for at least 2 years.<\/p>\n<p>&#8211; Certification and B1 level of knowledge of English language (the training will be implemented in English).<\/p>\n<p>&#8211; Willingness\/planning to start your own business or already existing business.<\/p>\n<p>&#8211; Representing one of the following groups: craft and handicraft entrepreneurs, creativity microbusiness owners and professionals from rural areas.<\/p>\n<p>&#8211; Age requirements: over 25 years old.<\/p>\n<p>&#8211; Living in one of the following countries: Slovakia, Ireland, Sweden, Bulgaria, Greece, Malta, or Poland.<\/p>\n<p>HOW TO APPLY<\/p>\n<p>To apply for this training, please contact the Polish project partner (CWEP) by sending an e-mail to office@cwep.eu.<\/p>\n<p>Once your application is successful, you will be contacted. If you are not selected to participate in this training, please note that thanks to your application, we will contact you in the following months to offer you participation in an organised online training or a 20-hour online mentoring, all free of charge!<\/p>\n<p>ABOUT THE PROJECT<\/p>\n<p>The MicroHUB project aims at developing innovative digital training solutions to enhance the effectiveness and competitiveness of crafters and artisans\u2019 microenterprises, especially in the context of participation to national and EU markets. This will be achieved by developing relevant training solutions and material to strengthen the capacity of existing microenterprises and craft-type of enterprises to strive in the current economic environment. At the same time, the MicroHUB project is devoted to all those individuals who wish to establish their own creativity micro and craft-type enterprise as a response to a crisis or unemployment.<\/p>\n<div class=\"footer\"><img loading=\"lazy\" decoding=\"async\" style=\"margin: 0px 10px 0px 0px;\" src=\"https:\/\/cwep.eu\/wp-content\/uploads\/2014\/08\/erasmus.png\" alt=\"erasmus\" width=\"176\" height=\"50\" \/><br \/>\nChanging lives. Opening minds<br \/>\nCo-funded by the Erasmus+ programme of the European Union.<br \/>\nThe European Commission support for the production of this publication does not constitute an endorsement of the contents which reflects the views only of the authors, and the Commission cannot be held responsible for any use which may be made of the information contained therein.<\/div>\n<p><\/p>","protected":false},"excerpt":{"rendered":"<p>You are invited to participate in a training in Bulgaria (Blagoevgrad) 3-5 May 2023.<\/p>\n","protected":false},"author":7,"featured_media":4144,"comment_status":"closed","ping_status":"closed","sticky":false,"template":"","format":"standard","meta":{"footnotes":""},"categories":[3],"tags":[],"class_list":["post-4486","post","type-post","status-publish","format-standard","has-post-thumbnail","hentry","category-news"],"yoast_head":"<!-- This site is optimized with the Yoast SEO plugin v27.5 - https:\/\/yoast.com\/product\/yoast-seo-wordpress\/ -->\n<title>Open call for training in craft entrepreneurship! - CWEP<\/title>\n<meta name=\"robots\" content=\"index, follow, max-snippet:-1, max-image-preview:large, max-video-preview:-1\" \/>\n<link rel=\"canonical\" href=\"https:\/\/cwep.eu\/en\/otwarty-nabor-na-szkolenie-z-zakresu-przedsiebiorczosci-zwiazanej-z-sektorem-rzemieslniczym\/\" \/>\n<meta property=\"og:locale\" content=\"en_US\" \/>\n<meta property=\"og:type\" content=\"article\" \/>\n<meta property=\"og:title\" content=\"Open call for training in craft entrepreneurship! - CWEP\" \/>\n<meta property=\"og:description\" content=\"You are invited to participate in a training in Bulgaria (Blagoevgrad) 3-5 May 2023.\" \/>\n<meta property=\"og:url\" content=\"https:\/\/cwep.eu\/en\/otwarty-nabor-na-szkolenie-z-zakresu-przedsiebiorczosci-zwiazanej-z-sektorem-rzemieslniczym\/\" \/>\n<meta property=\"og:site_name\" content=\"CWEP\" \/>\n<meta property=\"article:publisher\" content=\"https:\/\/www.facebook.com\/CWEP.EU\" \/>\n<meta property=\"article:published_time\" content=\"2023-02-17T13:11:18+00:00\" \/>\n<meta property=\"article:modified_time\" content=\"2023-04-14T12:30:03+00:00\" \/>\n<meta property=\"og:image\" content=\"https:\/\/cwep.eu\/wp-content\/uploads\/2022\/06\/microhub-logo.png\" \/>\n\t<meta property=\"og:image:width\" content=\"1326\" \/>\n\t<meta property=\"og:image:height\" content=\"1179\" \/>\n\t<meta property=\"og:image:type\" content=\"image\/png\" \/>\n<meta name=\"author\" content=\"pnowak\" \/>\n<meta name=\"twitter:card\" content=\"summary_large_image\" \/>\n<meta name=\"twitter:creator\" content=\"@cwepeu\" \/>\n<meta name=\"twitter:site\" content=\"@cwepeu\" \/>\n<meta name=\"twitter:label1\" content=\"Written by\" \/>\n\t<meta name=\"twitter:data1\" content=\"pnowak\" \/>\n\t<meta name=\"twitter:label2\" content=\"Est. reading time\" \/>\n\t<meta name=\"twitter:data2\" content=\"5 minutes\" \/>\n<script type=\"application\/ld+json\" class=\"yoast-schema-graph\">{\"@context\":\"https:\\\/\\\/schema.org\",\"@graph\":[{\"@type\":\"Article\",\"@id\":\"https:\\\/\\\/cwep.eu\\\/otwarty-nabor-na-szkolenie-z-zakresu-przedsiebiorczosci-zwiazanej-z-sektorem-rzemieslniczym\\\/#article\",\"isPartOf\":{\"@id\":\"https:\\\/\\\/cwep.eu\\\/otwarty-nabor-na-szkolenie-z-zakresu-przedsiebiorczosci-zwiazanej-z-sektorem-rzemieslniczym\\\/\"},\"author\":{\"name\":\"pnowak\",\"@id\":\"https:\\\/\\\/cwep.eu\\\/#\\\/schema\\\/person\\\/f22a52ecda9ca066eae8d4cf6a95aae3\"},\"headline\":\"Open call for training in craft entrepreneurship!\",\"datePublished\":\"2023-02-17T13:11:18+00:00\",\"dateModified\":\"2023-04-14T12:30:03+00:00\",\"mainEntityOfPage\":{\"@id\":\"https:\\\/\\\/cwep.eu\\\/otwarty-nabor-na-szkolenie-z-zakresu-przedsiebiorczosci-zwiazanej-z-sektorem-rzemieslniczym\\\/\"},\"wordCount\":1395,\"publisher\":{\"@id\":\"https:\\\/\\\/cwep.eu\\\/#organization\"},\"image\":{\"@id\":\"https:\\\/\\\/cwep.eu\\\/otwarty-nabor-na-szkolenie-z-zakresu-przedsiebiorczosci-zwiazanej-z-sektorem-rzemieslniczym\\\/#primaryimage\"},\"thumbnailUrl\":\"https:\\\/\\\/cwep.eu\\\/wp-content\\\/uploads\\\/2022\\\/06\\\/microhub-logo.png\",\"articleSection\":[\"News\"],\"inLanguage\":\"en-US\"},{\"@type\":\"WebPage\",\"@id\":\"https:\\\/\\\/cwep.eu\\\/en\\\/otwarty-nabor-na-szkolenie-z-zakresu-przedsiebiorczosci-zwiazanej-z-sektorem-rzemieslniczym\\\/\",\"url\":\"https:\\\/\\\/cwep.eu\\\/en\\\/otwarty-nabor-na-szkolenie-z-zakresu-przedsiebiorczosci-zwiazanej-z-sektorem-rzemieslniczym\\\/\",\"name\":\"Open call for training in craft entrepreneurship! - CWEP\",\"isPartOf\":{\"@id\":\"https:\\\/\\\/cwep.eu\\\/en\\\/#website\"},\"primaryImageOfPage\":{\"@id\":\"https:\\\/\\\/cwep.eu\\\/en\\\/otwarty-nabor-na-szkolenie-z-zakresu-przedsiebiorczosci-zwiazanej-z-sektorem-rzemieslniczym\\\/#primaryimage\"},\"image\":{\"@id\":\"https:\\\/\\\/cwep.eu\\\/otwarty-nabor-na-szkolenie-z-zakresu-przedsiebiorczosci-zwiazanej-z-sektorem-rzemieslniczym\\\/#primaryimage\"},\"thumbnailUrl\":\"https:\\\/\\\/cwep.eu\\\/wp-content\\\/uploads\\\/2022\\\/06\\\/microhub-logo.png\",\"datePublished\":\"2023-02-17T13:11:18+00:00\",\"dateModified\":\"2023-04-14T12:30:03+00:00\",\"breadcrumb\":{\"@id\":\"https:\\\/\\\/cwep.eu\\\/en\\\/otwarty-nabor-na-szkolenie-z-zakresu-przedsiebiorczosci-zwiazanej-z-sektorem-rzemieslniczym\\\/#breadcrumb\"},\"inLanguage\":\"en-US\",\"potentialAction\":[{\"@type\":\"ReadAction\",\"target\":[[\"https:\\\/\\\/cwep.eu\\\/en\\\/otwarty-nabor-na-szkolenie-z-zakresu-przedsiebiorczosci-zwiazanej-z-sektorem-rzemieslniczym\\\/\"]]}]},{\"@type\":\"ImageObject\",\"inLanguage\":\"en-US\",\"@id\":\"https:\\\/\\\/cwep.eu\\\/en\\\/otwarty-nabor-na-szkolenie-z-zakresu-przedsiebiorczosci-zwiazanej-z-sektorem-rzemieslniczym\\\/#primaryimage\",\"url\":\"https:\\\/\\\/cwep.eu\\\/wp-content\\\/uploads\\\/2022\\\/06\\\/microhub-logo.png\",\"contentUrl\":\"https:\\\/\\\/cwep.eu\\\/wp-content\\\/uploads\\\/2022\\\/06\\\/microhub-logo.png\",\"width\":1326,\"height\":1179},{\"@type\":\"BreadcrumbList\",\"@id\":\"https:\\\/\\\/cwep.eu\\\/en\\\/otwarty-nabor-na-szkolenie-z-zakresu-przedsiebiorczosci-zwiazanej-z-sektorem-rzemieslniczym\\\/#breadcrumb\",\"itemListElement\":[{\"@type\":\"ListItem\",\"position\":1,\"name\":\"Home\",\"item\":\"https:\\\/\\\/cwep.eu\\\/en\\\/\"},{\"@type\":\"ListItem\",\"position\":2,\"name\":\"Otwarty nab\u00f3r na szkolenie z zakresu przedsi\u0119biorczo\u015bci zwi\u0105zanej z sektorem rzemie\u015blniczym!\"}]},{\"@type\":\"WebSite\",\"@id\":\"https:\\\/\\\/cwep.eu\\\/en\\\/#website\",\"url\":\"https:\\\/\\\/cwep.eu\\\/en\\\/\",\"name\":\"CWEP\",\"description\":\"Centrum Wspierania Edukacji i Przedsi\u0119biorczo\u015bci\",\"publisher\":{\"@id\":\"https:\\\/\\\/cwep.eu\\\/en\\\/#organization\"},\"potentialAction\":[{\"@type\":\"SearchAction\",\"target\":{\"@type\":\"EntryPoint\",\"urlTemplate\":\"https:\\\/\\\/cwep.eu\\\/en\\\/?s={search_term_string}\"},\"query-input\":{\"@type\":\"PropertyValueSpecification\",\"valueRequired\":true,\"valueName\":\"search_term_string\"}}],\"inLanguage\":\"en-US\"},{\"@type\":\"Organization\",\"@id\":\"https:\\\/\\\/cwep.eu\\\/en\\\/#organization\",\"name\":\"CWEP\",\"url\":\"https:\\\/\\\/cwep.eu\\\/en\\\/\",\"logo\":{\"@type\":\"ImageObject\",\"inLanguage\":\"en-US\",\"@id\":\"https:\\\/\\\/cwep.eu\\\/en\\\/#\\\/schema\\\/logo\\\/image\\\/\",\"url\":\"https:\\\/\\\/cwep.eu\\\/wp-content\\\/uploads\\\/2016\\\/06\\\/cropped-logo-large.png\",\"contentUrl\":\"https:\\\/\\\/cwep.eu\\\/wp-content\\\/uploads\\\/2016\\\/06\\\/cropped-logo-large.png\",\"width\":512,\"height\":512,\"caption\":\"CWEP\"},\"image\":{\"@id\":\"https:\\\/\\\/cwep.eu\\\/en\\\/#\\\/schema\\\/logo\\\/image\\\/\"},\"sameAs\":[\"https:\\\/\\\/www.facebook.com\\\/CWEP.EU\",\"https:\\\/\\\/x.com\\\/cwepeu\",\"https:\\\/\\\/www.instagram.com\\\/cwep_association\",\"https:\\\/\\\/www.linkedin.com\\\/company\\\/cwep\\\/\"]},{\"@type\":\"Person\",\"@id\":\"https:\\\/\\\/cwep.eu\\\/#\\\/schema\\\/person\\\/f22a52ecda9ca066eae8d4cf6a95aae3\",\"name\":\"pnowak\",\"image\":{\"@type\":\"ImageObject\",\"inLanguage\":\"en-US\",\"@id\":\"https:\\\/\\\/secure.gravatar.com\\\/avatar\\\/076772c12e93fdd45e8c73cef60795e6ad4fd0496713a05fa168e1abd2235bd6?s=96&d=mm&r=g\",\"url\":\"https:\\\/\\\/secure.gravatar.com\\\/avatar\\\/076772c12e93fdd45e8c73cef60795e6ad4fd0496713a05fa168e1abd2235bd6?s=96&d=mm&r=g\",\"contentUrl\":\"https:\\\/\\\/secure.gravatar.com\\\/avatar\\\/076772c12e93fdd45e8c73cef60795e6ad4fd0496713a05fa168e1abd2235bd6?s=96&d=mm&r=g\",\"caption\":\"pnowak\"},\"url\":\"https:\\\/\\\/cwep.eu\\\/en\\\/author\\\/pnowak\\\/\"}]}<\/script>\n<!-- \/ Yoast SEO plugin. -->","yoast_head_json":{"title":"Open call for training in craft entrepreneurship! - CWEP","robots":{"index":"index","follow":"follow","max-snippet":"max-snippet:-1","max-image-preview":"max-image-preview:large","max-video-preview":"max-video-preview:-1"},"canonical":"https:\/\/cwep.eu\/en\/otwarty-nabor-na-szkolenie-z-zakresu-przedsiebiorczosci-zwiazanej-z-sektorem-rzemieslniczym\/","og_locale":"en_US","og_type":"article","og_title":"Open call for training in craft entrepreneurship! - CWEP","og_description":"You are invited to participate in a training in Bulgaria (Blagoevgrad) 3-5 May 2023.","og_url":"https:\/\/cwep.eu\/en\/otwarty-nabor-na-szkolenie-z-zakresu-przedsiebiorczosci-zwiazanej-z-sektorem-rzemieslniczym\/","og_site_name":"CWEP","article_publisher":"https:\/\/www.facebook.com\/CWEP.EU","article_published_time":"2023-02-17T13:11:18+00:00","article_modified_time":"2023-04-14T12:30:03+00:00","og_image":[{"width":1326,"height":1179,"url":"https:\/\/cwep.eu\/wp-content\/uploads\/2022\/06\/microhub-logo.png","type":"image\/png"}],"author":"pnowak","twitter_card":"summary_large_image","twitter_creator":"@cwepeu","twitter_site":"@cwepeu","twitter_misc":{"Written by":"pnowak","Est. reading time":"5 minutes"},"schema":{"@context":"https:\/\/schema.org","@graph":[{"@type":"Article","@id":"https:\/\/cwep.eu\/otwarty-nabor-na-szkolenie-z-zakresu-przedsiebiorczosci-zwiazanej-z-sektorem-rzemieslniczym\/#article","isPartOf":{"@id":"https:\/\/cwep.eu\/otwarty-nabor-na-szkolenie-z-zakresu-przedsiebiorczosci-zwiazanej-z-sektorem-rzemieslniczym\/"},"author":{"name":"pnowak","@id":"https:\/\/cwep.eu\/#\/schema\/person\/f22a52ecda9ca066eae8d4cf6a95aae3"},"headline":"Open call for training in craft entrepreneurship!","datePublished":"2023-02-17T13:11:18+00:00","dateModified":"2023-04-14T12:30:03+00:00","mainEntityOfPage":{"@id":"https:\/\/cwep.eu\/otwarty-nabor-na-szkolenie-z-zakresu-przedsiebiorczosci-zwiazanej-z-sektorem-rzemieslniczym\/"},"wordCount":1395,"publisher":{"@id":"https:\/\/cwep.eu\/#organization"},"image":{"@id":"https:\/\/cwep.eu\/otwarty-nabor-na-szkolenie-z-zakresu-przedsiebiorczosci-zwiazanej-z-sektorem-rzemieslniczym\/#primaryimage"},"thumbnailUrl":"https:\/\/cwep.eu\/wp-content\/uploads\/2022\/06\/microhub-logo.png","articleSection":["News"],"inLanguage":"en-US"},{"@type":"WebPage","@id":"https:\/\/cwep.eu\/en\/otwarty-nabor-na-szkolenie-z-zakresu-przedsiebiorczosci-zwiazanej-z-sektorem-rzemieslniczym\/","url":"https:\/\/cwep.eu\/en\/otwarty-nabor-na-szkolenie-z-zakresu-przedsiebiorczosci-zwiazanej-z-sektorem-rzemieslniczym\/","name":"Open call for training in craft entrepreneurship! - CWEP","isPartOf":{"@id":"https:\/\/cwep.eu\/en\/#website"},"primaryImageOfPage":{"@id":"https:\/\/cwep.eu\/en\/otwarty-nabor-na-szkolenie-z-zakresu-przedsiebiorczosci-zwiazanej-z-sektorem-rzemieslniczym\/#primaryimage"},"image":{"@id":"https:\/\/cwep.eu\/otwarty-nabor-na-szkolenie-z-zakresu-przedsiebiorczosci-zwiazanej-z-sektorem-rzemieslniczym\/#primaryimage"},"thumbnailUrl":"https:\/\/cwep.eu\/wp-content\/uploads\/2022\/06\/microhub-logo.png","datePublished":"2023-02-17T13:11:18+00:00","dateModified":"2023-04-14T12:30:03+00:00","breadcrumb":{"@id":"https:\/\/cwep.eu\/en\/otwarty-nabor-na-szkolenie-z-zakresu-przedsiebiorczosci-zwiazanej-z-sektorem-rzemieslniczym\/#breadcrumb"},"inLanguage":"en-US","potentialAction":[{"@type":"ReadAction","target":[["https:\/\/cwep.eu\/en\/otwarty-nabor-na-szkolenie-z-zakresu-przedsiebiorczosci-zwiazanej-z-sektorem-rzemieslniczym\/"]]}]},{"@type":"ImageObject","inLanguage":"en-US","@id":"https:\/\/cwep.eu\/en\/otwarty-nabor-na-szkolenie-z-zakresu-przedsiebiorczosci-zwiazanej-z-sektorem-rzemieslniczym\/#primaryimage","url":"https:\/\/cwep.eu\/wp-content\/uploads\/2022\/06\/microhub-logo.png","contentUrl":"https:\/\/cwep.eu\/wp-content\/uploads\/2022\/06\/microhub-logo.png","width":1326,"height":1179},{"@type":"BreadcrumbList","@id":"https:\/\/cwep.eu\/en\/otwarty-nabor-na-szkolenie-z-zakresu-przedsiebiorczosci-zwiazanej-z-sektorem-rzemieslniczym\/#breadcrumb","itemListElement":[{"@type":"ListItem","position":1,"name":"Home","item":"https:\/\/cwep.eu\/en\/"},{"@type":"ListItem","position":2,"name":"Otwarty nab\u00f3r na szkolenie z zakresu przedsi\u0119biorczo\u015bci zwi\u0105zanej z sektorem rzemie\u015blniczym!"}]},{"@type":"WebSite","@id":"https:\/\/cwep.eu\/en\/#website","url":"https:\/\/cwep.eu\/en\/","name":"CWEP","description":"Centrum Wspierania Edukacji i Przedsi\u0119biorczo\u015bci","publisher":{"@id":"https:\/\/cwep.eu\/en\/#organization"},"potentialAction":[{"@type":"SearchAction","target":{"@type":"EntryPoint","urlTemplate":"https:\/\/cwep.eu\/en\/?s={search_term_string}"},"query-input":{"@type":"PropertyValueSpecification","valueRequired":true,"valueName":"search_term_string"}}],"inLanguage":"en-US"},{"@type":"Organization","@id":"https:\/\/cwep.eu\/en\/#organization","name":"CWEP","url":"https:\/\/cwep.eu\/en\/","logo":{"@type":"ImageObject","inLanguage":"en-US","@id":"https:\/\/cwep.eu\/en\/#\/schema\/logo\/image\/","url":"https:\/\/cwep.eu\/wp-content\/uploads\/2016\/06\/cropped-logo-large.png","contentUrl":"https:\/\/cwep.eu\/wp-content\/uploads\/2016\/06\/cropped-logo-large.png","width":512,"height":512,"caption":"CWEP"},"image":{"@id":"https:\/\/cwep.eu\/en\/#\/schema\/logo\/image\/"},"sameAs":["https:\/\/www.facebook.com\/CWEP.EU","https:\/\/x.com\/cwepeu","https:\/\/www.instagram.com\/cwep_association","https:\/\/www.linkedin.com\/company\/cwep\/"]},{"@type":"Person","@id":"https:\/\/cwep.eu\/#\/schema\/person\/f22a52ecda9ca066eae8d4cf6a95aae3","name":"pnowak","image":{"@type":"ImageObject","inLanguage":"en-US","@id":"https:\/\/secure.gravatar.com\/avatar\/076772c12e93fdd45e8c73cef60795e6ad4fd0496713a05fa168e1abd2235bd6?s=96&d=mm&r=g","url":"https:\/\/secure.gravatar.com\/avatar\/076772c12e93fdd45e8c73cef60795e6ad4fd0496713a05fa168e1abd2235bd6?s=96&d=mm&r=g","contentUrl":"https:\/\/secure.gravatar.com\/avatar\/076772c12e93fdd45e8c73cef60795e6ad4fd0496713a05fa168e1abd2235bd6?s=96&d=mm&r=g","caption":"pnowak"},"url":"https:\/\/cwep.eu\/en\/author\/pnowak\/"}]}},"_links":{"self":[{"href":"https:\/\/cwep.eu\/en\/wp-json\/wp\/v2\/posts\/4486","targetHints":{"allow":["GET"]}}],"collection":[{"href":"https:\/\/cwep.eu\/en\/wp-json\/wp\/v2\/posts"}],"about":[{"href":"https:\/\/cwep.eu\/en\/wp-json\/wp\/v2\/types\/post"}],"author":[{"embeddable":true,"href":"https:\/\/cwep.eu\/en\/wp-json\/wp\/v2\/users\/7"}],"replies":[{"embeddable":true,"href":"https:\/\/cwep.eu\/en\/wp-json\/wp\/v2\/comments?post=4486"}],"version-history":[{"count":1,"href":"https:\/\/cwep.eu\/en\/wp-json\/wp\/v2\/posts\/4486\/revisions"}],"predecessor-version":[{"id":4487,"href":"https:\/\/cwep.eu\/en\/wp-json\/wp\/v2\/posts\/4486\/revisions\/4487"}],"wp:featuredmedia":[{"embeddable":true,"href":"https:\/\/cwep.eu\/en\/wp-json\/wp\/v2\/media\/4144"}],"wp:attachment":[{"href":"https:\/\/cwep.eu\/en\/wp-json\/wp\/v2\/media?parent=4486"}],"wp:term":[{"taxonomy":"category","embeddable":true,"href":"https:\/\/cwep.eu\/en\/wp-json\/wp\/v2\/categories?post=4486"},{"taxonomy":"post_tag","embeddable":true,"href":"https:\/\/cwep.eu\/en\/wp-json\/wp\/v2\/tags?post=4486"}],"curies":[{"name":"wp","href":"https:\/\/api.w.org\/{rel}","templated":true}]}}